{"id":1260,"date":"2025-07-25T17:53:45","date_gmt":"2025-07-25T17:53:45","guid":{"rendered":"https:\/\/asoallentsteig.ac.at\/?p=1260"},"modified":"2025-10-23T17:57:55","modified_gmt":"2025-10-23T17:57:55","slug":"ein-sportlicher-sommertag-im-freibad-allentsteig","status":"publish","type":"post","link":"https:\/\/asoallentsteig.ac.at\/?p=1260","title":{"rendered":"Ein sportlicher Sommertag im Freibad Allentsteig"},"content":{"rendered":"\n<p>Am 25. Juni 2025 unternahmen die Sch\u00fclerinnen und Sch\u00fcler der 2. Allgemeinen Sonderschule einen besonderen Ausflug: Es ging ins Freibad nach Allentsteig.<\/p>\n\n\n\n<p>Bei strahlendem Sommerwetter genossen die Kinder das gemeinsame Schwimmen im k\u00fchlen Wasser. Dabei stand nicht nur Bewegung im Vordergrund, sondern auch der Spa\u00df am Planschen und Spielen. Besonders freuten sich alle \u00fcber das gem\u00fctliche Miteinander im Wasser.<\/p>\n\n\n\n<p>Zur St\u00e4rkung durfte nat\u00fcrlich ein Eis nicht fehlen. Die s\u00fc\u00dfe Abk\u00fchlung machte den Badetag perfekt und sorgte f\u00fcr viele lachende Gesichter.<\/p>\n\n\n\n<p>Der Ausflug ins Freibad Allentsteig war f\u00fcr die 2. ASO ein gelungener Sommertag, der allen noch lange in Erinnerung bleiben wird.<\/p>\n\n\n\n<figure class=\"wp-block-gallery has-nested-images columns-default is-cropped wp-block-gallery-1 is-layout-flex wp-block-gallery-is-layout-flex\">\n<figure class=\"wp-block-image size-large\"><img fetchpriority=\"high\" decoding=\"async\" width=\"768\" height=\"1024\" data-id=\"1263\" src=\"https:\/\/asoallentsteig.ac.at\/wp-content\/uploads\/2025\/10\/20250625_101817-768x1024.jpg\" alt=\"\" class=\"wp-image-1263\" srcset=\"https:\/\/asoallentsteig.ac.at\/wp-content\/uploads\/2025\/10\/20250625_101817-768x1024.jpg 768w, https:\/\/asoallentsteig.ac.at\/wp-content\/uploads\/2025\/10\/20250625_101817-225x300.jpg 225w, https:\/\/asoallentsteig.ac.at\/wp-content\/uploads\/2025\/10\/20250625_101817-1152x1536.jpg 1152w, https:\/\/asoallentsteig.ac.at\/wp-content\/uploads\/2025\/10\/20250625_101817-1536x2048.jpg 1536w, https:\/\/asoallentsteig.ac.at\/wp-content\/uploads\/2025\/10\/20250625_101817-scaled.jpg 1920w\" sizes=\"(max-width: 768px) 100vw, 768px\" \/><\/figure>\n\n\n\n<figure class=\"wp-block-image size-large\"><img decoding=\"async\" width=\"576\" height=\"1024\" data-id=\"1261\" src=\"https:\/\/asoallentsteig.ac.at\/wp-content\/uploads\/2025\/10\/IMG-20250625-WA0006-576x1024.jpg\" alt=\"\" class=\"wp-image-1261\" srcset=\"https:\/\/asoallentsteig.ac.at\/wp-content\/uploads\/2025\/10\/IMG-20250625-WA0006-576x1024.jpg 576w, https:\/\/asoallentsteig.ac.at\/wp-content\/uploads\/2025\/10\/IMG-20250625-WA0006-169x300.jpg 169w, https:\/\/asoallentsteig.ac.at\/wp-content\/uploads\/2025\/10\/IMG-20250625-WA0006-768x1365.jpg 768w, https:\/\/asoallentsteig.ac.at\/wp-content\/uploads\/2025\/10\/IMG-20250625-WA0006-864x1536.jpg 864w, https:\/\/asoallentsteig.ac.at\/wp-content\/uploads\/2025\/10\/IMG-20250625-WA0006.jpg 1152w\" sizes=\"(max-width: 576px) 100vw, 576px\" \/><\/figure>\n\n\n\n<figure class=\"wp-block-image size-large\"><img decoding=\"async\" width=\"768\" height=\"1024\" data-id=\"1262\" src=\"https:\/\/asoallentsteig.ac.at\/wp-content\/uploads\/2025\/10\/IMG-20250625-WA0016-768x1024.jpg\" alt=\"\" class=\"wp-image-1262\" srcset=\"https:\/\/asoallentsteig.ac.at\/wp-content\/uploads\/2025\/10\/IMG-20250625-WA0016-768x1024.jpg 768w, https:\/\/asoallentsteig.ac.at\/wp-content\/uploads\/2025\/10\/IMG-20250625-WA0016-225x300.jpg 225w, https:\/\/asoallentsteig.ac.at\/wp-content\/uploads\/2025\/10\/IMG-20250625-WA0016-1152x1536.jpg 1152w, https:\/\/asoallentsteig.ac.at\/wp-content\/uploads\/2025\/10\/IMG-20250625-WA0016.jpg 1200w\" sizes=\"(max-width: 768px) 100vw, 768px\" \/><\/figure>\n<\/figure>\n","protected":false},"excerpt":{"rendered":"<p>Am 25. Juni 2025 unternahmen die Sch\u00fclerinnen und Sch\u00fcler der 2. Allgemeinen Sonderschule einen besonderen Ausflug: Es ging ins Freibad nach Allentsteig. Bei strahlendem Sommerwetter genossen die Kinder das gemeinsame Schwimmen im k\u00fchlen Wasser. Dabei stand nicht nur Bewegung im Vordergrund, sondern auch der Spa\u00df am Planschen und Spielen. Besonders freuten sich alle \u00fcber das [&hellip;]<\/p>\n","protected":false},"author":1,"featured_media":1261,"comment_status":"open","ping_status":"open","sticky":false,"template":"","format":"standard","meta":{"ocean_post_layout":"","ocean_both_sidebars_style":"","ocean_both_sidebars_content_width":0,"ocean_both_sidebars_sidebars_width":0,"ocean_sidebar":"","ocean_second_sidebar":"","ocean_disable_margins":"enable","ocean_add_body_class":"","ocean_shortcode_before_top_bar":"","ocean_shortcode_after_top_bar":"","ocean_shortcode_before_header":"","ocean_shortcode_after_header":"","ocean_has_shortcode":"","ocean_shortcode_after_title":"","ocean_shortcode_before_footer_widgets":"","ocean_shortcode_after_footer_widgets":"","ocean_shortcode_before_footer_bottom":"","ocean_shortcode_after_footer_bottom":"","ocean_display_top_bar":"default","ocean_display_header":"default","ocean_header_style":"","ocean_center_header_left_menu":"","ocean_custom_header_template":"","ocean_custom_logo":0,"ocean_custom_retina_logo":0,"ocean_custom_logo_max_width":0,"ocean_custom_logo_tablet_max_width":0,"ocean_custom_logo_mobile_max_width":0,"ocean_custom_logo_max_height":0,"ocean_custom_logo_tablet_max_height":0,"ocean_custom_logo_mobile_max_height":0,"ocean_header_custom_menu":"","ocean_menu_typo_font_family":"","ocean_menu_typo_font_subset":"","ocean_menu_typo_font_size":0,"ocean_menu_typo_font_size_tablet":0,"ocean_menu_typo_font_size_mobile":0,"ocean_menu_typo_font_size_unit":"px","ocean_menu_typo_font_weight":"","ocean_menu_typo_font_weight_tablet":"","ocean_menu_typo_font_weight_mobile":"","ocean_menu_typo_transform":"","ocean_menu_typo_transform_tablet":"","ocean_menu_typo_transform_mobile":"","ocean_menu_typo_line_height":0,"ocean_menu_typo_line_height_tablet":0,"ocean_menu_typo_line_height_mobile":0,"ocean_menu_typo_line_height_unit":"","ocean_menu_typo_spacing":0,"ocean_menu_typo_spacing_tablet":0,"ocean_menu_typo_spacing_mobile":0,"ocean_menu_typo_spacing_unit":"","ocean_menu_link_color":"","ocean_menu_link_color_hover":"","ocean_menu_link_color_active":"","ocean_menu_link_background":"","ocean_menu_link_hover_background":"","ocean_menu_link_active_background":"","ocean_menu_social_links_bg":"","ocean_menu_social_hover_links_bg":"","ocean_menu_social_links_color":"","ocean_menu_social_hover_links_color":"","ocean_disable_title":"default","ocean_disable_heading":"default","ocean_post_title":"","ocean_post_subheading":"","ocean_post_title_style":"","ocean_post_title_background_color":"","ocean_post_title_background":0,"ocean_post_title_bg_image_position":"","ocean_post_title_bg_image_attachment":"","ocean_post_title_bg_image_repeat":"","ocean_post_title_bg_image_size":"","ocean_post_title_height":0,"ocean_post_title_bg_overlay":0.5,"ocean_post_title_bg_overlay_color":"","ocean_disable_breadcrumbs":"default","ocean_breadcrumbs_color":"","ocean_breadcrumbs_separator_color":"","ocean_breadcrumbs_links_color":"","ocean_breadcrumbs_links_hover_color":"","ocean_display_footer_widgets":"default","ocean_display_footer_bottom":"default","ocean_custom_footer_template":"","ocean_post_oembed":"","ocean_post_self_hosted_media":"","ocean_post_video_embed":"","ocean_link_format":"","ocean_link_format_target":"self","ocean_quote_format":"","ocean_quote_format_link":"post","ocean_gallery_link_images":"on","ocean_gallery_id":[],"footnotes":""},"categories":[1],"tags":[],"class_list":["post-1260","post","type-post","status-publish","format-standard","has-post-thumbnail","hentry","category-uncategorized","entry","has-media"],"_links":{"self":[{"href":"https:\/\/asoallentsteig.ac.at\/index.php?rest_route=\/wp\/v2\/posts\/1260","targetHints":{"allow":["GET"]}}],"collection":[{"href":"https:\/\/asoallentsteig.ac.at\/index.php?rest_route=\/wp\/v2\/posts"}],"about":[{"href":"https:\/\/asoallentsteig.ac.at\/index.php?rest_route=\/wp\/v2\/types\/post"}],"author":[{"embeddable":true,"href":"https:\/\/asoallentsteig.ac.at\/index.php?rest_route=\/wp\/v2\/users\/1"}],"replies":[{"embeddable":true,"href":"https:\/\/asoallentsteig.ac.at\/index.php?rest_route=%2Fwp%2Fv2%2Fcomments&post=1260"}],"version-history":[{"count":1,"href":"https:\/\/asoallentsteig.ac.at\/index.php?rest_route=\/wp\/v2\/posts\/1260\/revisions"}],"predecessor-version":[{"id":1264,"href":"https:\/\/asoallentsteig.ac.at\/index.php?rest_route=\/wp\/v2\/posts\/1260\/revisions\/1264"}],"wp:featuredmedia":[{"embeddable":true,"href":"https:\/\/asoallentsteig.ac.at\/index.php?rest_route=\/wp\/v2\/media\/1261"}],"wp:attachment":[{"href":"https:\/\/asoallentsteig.ac.at\/index.php?rest_route=%2Fwp%2Fv2%2Fmedia&parent=1260"}],"wp:term":[{"taxonomy":"category","embeddable":true,"href":"https:\/\/asoallentsteig.ac.at\/index.php?rest_route=%2Fwp%2Fv2%2Fcategories&post=1260"},{"taxonomy":"post_tag","embeddable":true,"href":"https:\/\/asoallentsteig.ac.at\/index.php?rest_route=%2Fwp%2Fv2%2Ftags&post=1260"}],"curies":[{"name":"wp","href":"https:\/\/api.w.org\/{rel}","templated":true}]}}